{"id":4308,"date":"2025-10-29T11:51:09","date_gmt":"2025-10-29T10:51:09","guid":{"rendered":"https:\/\/www.rotaryclubdalminecentenario.org\/sito\/?p=4308"},"modified":"2025-10-29T11:51:09","modified_gmt":"2025-10-29T10:51:09","slug":"bollettino-del-23-ottobre-2025","status":"publish","type":"post","link":"https:\/\/www.rotaryclubdalminecentenario.org\/sito\/bollettino-del-23-ottobre-2025\/","title":{"rendered":"Bollettino del 23 Ottobre 2025"},"content":{"rendered":"<p class=\"s3\"><span class=\"s2\">Il 23 Ottobre il Club Dalmine Centenario con il Club satellite di Orio International ha potuto ascoltare dalla voce autorevole dell\u2019amico ,attuale Presidente del Rotary club di Treviglio, la storia del grande progetto partito da club di Treviglio per combattere la poliomelite nel mondo.Progetto che partito da una piccola cittadina bergamascaha reso grande il Rotary nel mondo .<\/span><!--more--><\/p>\n<p class=\"s3\"><span class=\"s2\">Sullo schermo scorrono le immagini in bianco e nero di bambini <\/span><span class=\"s2\">e bambine <\/span><span class=\"s2\">con le gambe imprigionate in terribili tutori<\/span><span class=\"s2\"> mentre<\/span><span class=\"s2\"> altri sono <\/span><span class=\"s2\">costretti sulla <\/span><span class=\"s2\">sedia a rotelle. Da ultimo le inquadrature pi\u00f9 drammatiche: un enorme stanzone dove allineati come tant<\/span><span class=\"s2\">e bare<\/span><span class=\"s2\"> ci sono decine <\/span><span class=\"s2\">e decine <\/span><span class=\"s2\">di polmoni d\u2019acciaio unico strumento in grado di garantire la sopravvivenza. <\/span><\/p>\n<p class=\"s3\"><span class=\"s4\">\u201cQuesti per decenni sono stati gli effetti della poliomielite\u201d<\/span><span class=\"s2\"> afferma perentorio Mino Carrara presidente della Sottocommissione Distrettuale 2042 <\/span><span class=\"s2\">PolioPlus<\/span> <span class=\"s4\">\u201cma l\u2019allarme non \u00e8 finito, la polio continua a colpire in Pakistan e Afghanistan gli ultimi due Paesi dove \u00e8 ancora presente il virus selvaggio, ma in seguito al dramma di Gaza lo scorso anno un bambino \u00e8 stato contagiato<\/span><span class=\"s4\"> anche n<\/span><span class=\"s4\">ella martoriata Striscia<\/span><span class=\"s4\">. Ci\u00f2 significa <\/span><span class=\"s4\">che il virus <\/span><span class=\"s4\">\u00e8 alle porte dell\u2019Europa e a un passo dall\u2019Africa\u201d<\/span><span class=\"s2\">.<\/span><\/p>\n<p class=\"s3\"><span class=\"s2\">La <\/span><span class=\"s2\">lotta alla <\/span><span class=\"s2\">poliomielite <\/span><span class=\"s2\">e<\/span><span class=\"s2\">d <\/span><span class=\"s4\">End Polio <\/span><span class=\"s4\">Now<\/span><span class=\"s2\"> &#8211;<\/span><span class=\"s2\"> il service mondiale del Rotary International per la cancellazione di questa terribile malattia <\/span><span class=\"s2\">&#8211; <\/span><span class=\"s2\">sono stati al centro dell<\/span><span class=\"s2\">a conviviale.<\/span><span class=\"s2\">Il tema della serata non \u00e8 stato scelto a caso, infatti era la vigilia della Giornata Mondiale di eradicazione della polio noto anche come l\u2019<\/span><span class=\"s4\">End Polio <\/span><span class=\"s4\">Day<\/span><span class=\"s2\"> (che annualmente si celebra il 24 ottobre). <\/span><span class=\"s2\">Il r<\/span><span class=\"s2\">elatore Mino Carrara<\/span><span class=\"s2\">,<\/span> <span class=\"s2\">come detto <\/span><span class=\"s2\">Presidente della Sottocommissione Distrettuale Polio Plus<\/span><span class=\"s2\">, \u00e8 presidente del <\/span><span class=\"s2\">Rc<\/span><span class=\"s2\"> Treviglio e della Pianura Bergamasca il Club dove il service \u00e8 nato,<\/span> <span class=\"s2\">su iniziativa di Sergio <\/span><span class=\"s2\">Mulitsch<\/span><span class=\"s2\"> di <\/span><span class=\"s2\">Palmenberg<\/span><span class=\"s2\">. Mino<\/span><span class=\"s2\"> Carrara<\/span><span class=\"s2\">, <\/span><span class=\"s2\">che <\/span><span class=\"s2\">\u00e8 stato <\/span><span class=\"s2\">socio fondatore del Dalmine Centenario<\/span><span class=\"s2\">,<\/span><span class=\"s2\"> nel prologo, oltre a ringraziare per l\u2019invito, ha rievocato non senza nostalgia l\u2019emozione, insieme agli altri fondatori presenti, di aver dato vita a un nuovo Club: <\/span><span class=\"s4\">\u201c<\/span><span class=\"s4\">U<\/span><span class=\"s4\">n sodalizio <\/span><span class=\"s2\">\u2013 ha sottolineato &#8211;<\/span> <span class=\"s4\">che \u00e8 cresciuto forte e robusto e ha recentemente tagliato il traguardo d<\/span><span class=\"s4\">e<\/span><span class=\"s4\">i vent\u2019anni di attivit\u00e0\u201d<\/span><span class=\"s2\">. <\/span><\/p>\n<p class=\"s3\"><span class=\"s2\">Il relatore <\/span><span class=\"s2\">\u00e8 <\/span><span class=\"s2\">quindi <\/span><span class=\"s2\">passato ad affrontare il tema della serata. Con l\u2019aiuto delle slide ha spiegato cosa \u00e8 la polio<\/span><span class=\"s2\"> ricordandone la presenza <\/span><span class=\"s2\">fin d<\/span><span class=\"s2\">ai tempi degli antichi egizi. Una galoppata nella st<\/span><span class=\"s2\">o<\/span><span class=\"s2\">ria che si \u00e8 soffermata in particolare su due date: il 1923 e il 14 febbraio 1980. <\/span><\/p>\n<p class=\"s3\"><span class=\"s2\">\u201c<\/span><span class=\"s4\">Nel 1923<\/span><span class=\"s2\"> \u2013 ha sottolineato Mino Carrara \u2013 <\/span><span class=\"s4\">sono nati: il 1\u00b0 giugno Sergio <\/span><span class=\"s4\">Mulitsch<\/span><span class=\"s4\"> di <\/span><span class=\"s4\">Palmenberg<\/span><span class=\"s4\">, il padre della lotta alla polio nel Rotary, e il 20 novembre il Rotary Milano il primo <\/span><span class=\"s4\">Club <\/span><span class=\"s4\">a vedere la luce in Italia. Nessuno poteva immaginare che i destini di <\/span><span class=\"s4\">Mulitsch<\/span><span class=\"s4\"> e del Rotary un giorno si sarebbero incrociati\u201d<\/span><span class=\"s2\">. E proprio sull\u2019onda delle \u201ccoincidenze della storia\u201d il relatore <\/span><span class=\"s2\">ha ricordato <\/span><span class=\"s2\">che <\/span><span class=\"s2\">grazie a <\/span><span class=\"s2\">\u201c<\/span><span class=\"s4\">S<\/span><span class=\"s4\">ette uomini<\/span><span class=\"s4\"> d\u2019oro\u201d<\/span> <span class=\"s2\">il mondo sia a un passo dalla definitiva cancellazione della polio<\/span><span class=\"s2\">: gli scienziati <\/span><span class=\"s2\">Hilary <\/span><span class=\"s2\">Koprowski<\/span><span class=\"s2\">, <\/span><span class=\"s2\">Jonas<\/span><span class=\"s2\"> Edward <\/span><span class=\"s2\">Salk<\/span><span class=\"s2\"> e Albert Bruce <\/span><span class=\"s2\">Sabin<\/span> <span class=\"s2\">(americani di origine ebraica) <\/span><span class=\"s2\">padri dei vaccini, il medico rotariano Robert <\/span><span class=\"s2\">Hingson<\/span><span class=\"s2\"> (<\/span><span class=\"s2\">americano <\/span><span class=\"s2\">inventore della <\/span><span class=\"s4\">peace<\/span> <span class=\"s4\">gun<\/span><span class=\"s2\"> per le vaccinazioni) che per primo fece una vaccinazione di massa <\/span><span class=\"s2\">in Guatemala, sir <\/span><span class=\"s2\">Clem<\/span> <span class=\"s2\">Renoulf<\/span><span class=\"s2\"> (australiano presidente del Rotary International <\/span><span class=\"s2\">197<\/span><span class=\"s2\">8<\/span><span class=\"s2\">-1<\/span><span class=\"s2\">9<\/span><span class=\"s2\">79<\/span><span class=\"s2\">)<\/span><span class=\"s2\"> il padre del Progett<\/span><span class=\"s2\">o<\/span><span class=\"s2\"> 3H, Sabino Santos (filippino<\/span><span class=\"s2\">) cui si deve la scelta delle Filippine (fra i tre <\/span><span class=\"s2\">Paesi <\/span><span class=\"s2\">proposti <\/span><span class=\"s2\">al Rotary International <\/span><span class=\"s2\">dall\u2019Oms<\/span><span class=\"s2\">insieme a Indonesia e Malesia<\/span><span class=\"s2\">) quale primo Stato dove cominciare le vaccinazioni da parte del Rotary International, e <\/span><span class=\"s2\">Sergio <\/span><span class=\"s2\">Mulitsch<\/span><span class=\"s2\"> di <\/span><span class=\"s2\">Palmenberg<\/span><span class=\"s2\"> (italiano fondatore del <\/span><span class=\"s2\">Rc<\/span><span class=\"s2\"> Treviglio<\/span><span class=\"s2\"> prestigioso imprenditore del settore imballaggi<\/span><span class=\"s2\">) cui si deve il progetto mondiale per la vaccinazione antipolio (modello che \u00e8 seguit<\/span><span class=\"s2\">o ancor oggi) e la realizzazion<\/span><span class=\"s2\">e <\/span><span class=\"s2\">del<\/span><span class=\"s2\">lo speciale <\/span><span class=\"s2\">contenitore per il trasporto dei vaccini <\/span><span class=\"s2\">che <\/span><span class=\"s2\">garanti<\/span><span class=\"s2\">sc<\/span><span class=\"s2\">e<\/span><span class=\"s2\">la cate<\/span><span class=\"s2\">n<\/span><span class=\"s2\">a del freddo a 20 gradi sottozero.<\/span><\/p>\n<p class=\"s3\"><span class=\"s2\">Si \u00e8 cos\u00ec arrivati alla fatidica data del 14 febbrai 1980 quando un aereo della compagnia di bandiera Filippina \u00e8 partito alla vo<\/span><span class=\"s2\">l<\/span><span class=\"s2\">ta di Manila con il prezioso carico di 500 mila vaccini <\/span><span class=\"s2\">Sabin<\/span><span class=\"s2\"> acquistati con i fondi raccolti, nel giro di p<\/span><span class=\"s2\">o<\/span><span class=\"s2\">chi mesi<\/span><span class=\"s2\">,<\/span><span class=\"s2\"> dai soci del RC Treviglio. <\/span><span class=\"s4\">\u201cEra il calcio d\u2019inizio della grande sfida alla polio: orgoglio italiano, orgoglio lombardo, orgoglio bergamasco\u201d<\/span> <span class=\"s2\">ha sottolineato Mino Carrara<\/span><span class=\"s2\">.<\/span><\/p>\n<p class=\"s3\"><span class=\"s2\">N<\/span><span class=\"s2\">ella carrellata non sono mancati gli accenni a Franklin Delano Roosevelt e all\u2019ultima figlia del Duce, <\/span><span class=\"s2\">entrambi <\/span><span class=\"s2\">ammalatisi di poliomielite, <\/span><span class=\"s2\">che <\/span><span class=\"s2\">ebbero un ruolo determinante nella ricerca di rimedi contro la terribile malattia<\/span><span class=\"s2\"> e per prevenirla<\/span><span class=\"s2\">. <\/span><\/p>\n<p class=\"s3\"><span class=\"s2\">Mino Carrara si \u00e8 quindi soffermato sulla situazione attuale della diffusione della <\/span><span class=\"s2\">polio<\/span> <span class=\"s2\">rimasta <\/span><span class=\"s2\">endemica in due Paesi <\/span><span class=\"s2\">\u2013 36 casi: 29 in Pakistan e 6 in Afghanistan \u2013 e sulle difficolt\u00e0 che, nonostante il \u201cplacet\u201d <\/span><span class=\"s2\">dei d<\/span><span class=\"s2\">ue go<\/span><span class=\"s2\">verni,<\/span><span class=\"s2\"> incontrano i vaccinatori nei villaggi e elle comunit\u00e0 pi\u00f9 sperdute <\/span><span class=\"s2\">dove sono forti le resistenze d<\/span><span class=\"s2\">i carattere religioso e culturale. Il relatore ha quindi concluso mostrando la foto del <\/span><span class=\"s4\">\u201cPoli<\/span><span class=\"s4\">o<\/span> <span class=\"s4\">W<\/span><span class=\"s4\">all Fame\u201d<\/span> <span class=\"s2\">monumento <\/span><span class=\"s2\">che si trova alle <\/span><span class=\"s2\">Warm<\/span> <span class=\"s2\">Spring<\/span><span class=\"s2\"> in Georgia dove sono posizionati i busti di tutti gli artefici della lotta e dei successi contro la polio <\/span><span class=\"s4\">\u201cLa nostra ruota<\/span><span class=\"s2\"> \u2013 ha affermato <\/span><span class=\"s2\">il dirigente distrettuale <\/span><span class=\"s2\">\u2013 <\/span><span class=\"s4\">un posto <\/span><span class=\"s4\">in quella prestigiosa galleria<\/span> <span class=\"s4\">se lo \u00e8 <\/span><span class=\"s4\">mo<\/span><span class=\"s4\">ra<\/span><span class=\"s4\">l<\/span><span class=\"s4\">mente conquistato<\/span><span class=\"s4\">\u201d<\/span><span class=\"s2\">.<\/span><\/p>\n<p>\u00c8 stata una serata emozionante, arricchente e di grande empatia e condivisione con \u00a0tutti i soci presenti. ringrazio a nome mio e dei due club lo stimato amico rotariano mino Carrara per averci dedicato del tempo con grande gioia e per avermi aiutato nel redarre \u00a0il bollettino<\/p>\n","protected":false},"excerpt":{"rendered":"<p>Il 23 Ottobre il Club Dalmine Centenario con il Club satellite di Orio International ha potuto ascoltare dalla voce autorevole dell\u2019amico ,attuale Presidente del Rotary club di Treviglio, la storia del grande progetto partito da club di Treviglio per combattere la poliomelite nel mondo.Progetto che partito da una piccola cittadina bergamascaha reso grande il Rotary nel mondo .<\/p>\n","protected":false},"author":5,"featured_media":4309,"comment_status":"closed","ping_status":"closed","sticky":false,"template":"","format":"standard","meta":{"_et_pb_use_builder":"","_et_pb_old_content":"","_et_gb_content_width":"","footnotes":""},"categories":[1,2],"tags":[],"class_list":["post-4308","post","type-post","status-publish","format-standard","has-post-thumbnail","hentry","category-news","category-periodico"],"yoast_head":"<!-- This site is optimized with the Yoast SEO plugin v27.5 - https:\/\/yoast.com\/product\/yoast-seo-wordpress\/ -->\n<title>Bollettino del 23 Ottobre 2025 - Rotary Club Dalmine Centenario<\/title>\n<meta name=\"description\" content=\"Lotta alla poliomielite nel mondo.Una serata di racconto dalla nascita ai giorni nostri con il Presidente del club di Treviglio Dott.Carrara\" \/>\n<meta name=\"robots\" content=\"index, follow, max-snippet:-1, max-image-preview:large, max-video-preview:-1\" \/>\n<link rel=\"canonical\" href=\"https:\/\/www.rotaryclubdalminecentenario.org\/sito\/bollettino-del-23-ottobre-2025\/\" \/>\n<meta property=\"og:locale\" content=\"it_IT\" \/>\n<meta property=\"og:type\" content=\"article\" \/>\n<meta property=\"og:title\" content=\"Bollettino del 23 Ottobre 2025 - Rotary Club Dalmine Centenario\" \/>\n<meta property=\"og:description\" content=\"Lotta alla poliomielite nel mondo.Una serata di racconto dalla nascita ai giorni nostri con il Presidente del club di Treviglio Dott.Carrara\" \/>\n<meta property=\"og:url\" content=\"https:\/\/www.rotaryclubdalminecentenario.org\/sito\/bollettino-del-23-ottobre-2025\/\" \/>\n<meta property=\"og:site_name\" content=\"Rotary Club Dalmine Centenario\" \/>\n<meta property=\"article:published_time\" content=\"2025-10-29T10:51:09+00:00\" \/>\n<meta property=\"og:image\" content=\"https:\/\/www.rotaryclubdalminecentenario.org\/sito\/wp-content\/uploads\/2025\/10\/IMG_7665-scaled.png\" \/>\n\t<meta property=\"og:image:width\" content=\"1183\" \/>\n\t<meta property=\"og:image:height\" content=\"2560\" \/>\n\t<meta property=\"og:image:type\" content=\"image\/png\" \/>\n<meta name=\"author\" content=\"Presidente Rotary Club Dalmine Centenario\" \/>\n<meta name=\"twitter:card\" content=\"summary_large_image\" \/>\n<meta name=\"twitter:label1\" content=\"Scritto da\" \/>\n\t<meta name=\"twitter:data1\" content=\"Presidente Rotary Club Dalmine Centenario\" \/>\n\t<meta name=\"twitter:label2\" content=\"Tempo di lettura stimato\" \/>\n\t<meta name=\"twitter:data2\" content=\"6 minuti\" \/>\n<script type=\"application\/ld+json\" class=\"yoast-schema-graph\">{\"@context\":\"https:\\\/\\\/schema.org\",\"@graph\":[{\"@type\":\"Article\",\"@id\":\"https:\\\/\\\/www.rotaryclubdalminecentenario.org\\\/sito\\\/bollettino-del-23-ottobre-2025\\\/#article\",\"isPartOf\":{\"@id\":\"https:\\\/\\\/www.rotaryclubdalminecentenario.org\\\/sito\\\/bollettino-del-23-ottobre-2025\\\/\"},\"author\":{\"name\":\"Presidente Rotary Club Dalmine Centenario\",\"@id\":\"https:\\\/\\\/www.rotaryclubdalminecentenario.org\\\/sito\\\/#\\\/schema\\\/person\\\/3c40f624452feedc709fed1d69b8fb54\"},\"headline\":\"Bollettino del 23 Ottobre 2025\",\"datePublished\":\"2025-10-29T10:51:09+00:00\",\"mainEntityOfPage\":{\"@id\":\"https:\\\/\\\/www.rotaryclubdalminecentenario.org\\\/sito\\\/bollettino-del-23-ottobre-2025\\\/\"},\"wordCount\":906,\"publisher\":{\"@id\":\"https:\\\/\\\/www.rotaryclubdalminecentenario.org\\\/sito\\\/#organization\"},\"image\":{\"@id\":\"https:\\\/\\\/www.rotaryclubdalminecentenario.org\\\/sito\\\/bollettino-del-23-ottobre-2025\\\/#primaryimage\"},\"thumbnailUrl\":\"https:\\\/\\\/www.rotaryclubdalminecentenario.org\\\/sito\\\/wp-content\\\/uploads\\\/2025\\\/10\\\/IMG_7665-scaled.png\",\"articleSection\":[\"news\",\"periodico\"],\"inLanguage\":\"it-IT\"},{\"@type\":\"WebPage\",\"@id\":\"https:\\\/\\\/www.rotaryclubdalminecentenario.org\\\/sito\\\/bollettino-del-23-ottobre-2025\\\/\",\"url\":\"https:\\\/\\\/www.rotaryclubdalminecentenario.org\\\/sito\\\/bollettino-del-23-ottobre-2025\\\/\",\"name\":\"Bollettino del 23 Ottobre 2025 - Rotary Club Dalmine Centenario\",\"isPartOf\":{\"@id\":\"https:\\\/\\\/www.rotaryclubdalminecentenario.org\\\/sito\\\/#website\"},\"primaryImageOfPage\":{\"@id\":\"https:\\\/\\\/www.rotaryclubdalminecentenario.org\\\/sito\\\/bollettino-del-23-ottobre-2025\\\/#primaryimage\"},\"image\":{\"@id\":\"https:\\\/\\\/www.rotaryclubdalminecentenario.org\\\/sito\\\/bollettino-del-23-ottobre-2025\\\/#primaryimage\"},\"thumbnailUrl\":\"https:\\\/\\\/www.rotaryclubdalminecentenario.org\\\/sito\\\/wp-content\\\/uploads\\\/2025\\\/10\\\/IMG_7665-scaled.png\",\"datePublished\":\"2025-10-29T10:51:09+00:00\",\"description\":\"Lotta alla poliomielite nel mondo.Una serata di racconto dalla nascita ai giorni nostri con il Presidente del club di Treviglio Dott.Carrara\",\"breadcrumb\":{\"@id\":\"https:\\\/\\\/www.rotaryclubdalminecentenario.org\\\/sito\\\/bollettino-del-23-ottobre-2025\\\/#breadcrumb\"},\"inLanguage\":\"it-IT\",\"potentialAction\":[{\"@type\":\"ReadAction\",\"target\":[\"https:\\\/\\\/www.rotaryclubdalminecentenario.org\\\/sito\\\/bollettino-del-23-ottobre-2025\\\/\"]}]},{\"@type\":\"ImageObject\",\"inLanguage\":\"it-IT\",\"@id\":\"https:\\\/\\\/www.rotaryclubdalminecentenario.org\\\/sito\\\/bollettino-del-23-ottobre-2025\\\/#primaryimage\",\"url\":\"https:\\\/\\\/www.rotaryclubdalminecentenario.org\\\/sito\\\/wp-content\\\/uploads\\\/2025\\\/10\\\/IMG_7665-scaled.png\",\"contentUrl\":\"https:\\\/\\\/www.rotaryclubdalminecentenario.org\\\/sito\\\/wp-content\\\/uploads\\\/2025\\\/10\\\/IMG_7665-scaled.png\",\"width\":1183,\"height\":2560},{\"@type\":\"BreadcrumbList\",\"@id\":\"https:\\\/\\\/www.rotaryclubdalminecentenario.org\\\/sito\\\/bollettino-del-23-ottobre-2025\\\/#breadcrumb\",\"itemListElement\":[{\"@type\":\"ListItem\",\"position\":1,\"name\":\"Home\",\"item\":\"https:\\\/\\\/www.rotaryclubdalminecentenario.org\\\/sito\\\/\"},{\"@type\":\"ListItem\",\"position\":2,\"name\":\"Bollettino del 23 Ottobre 2025\"}]},{\"@type\":\"WebSite\",\"@id\":\"https:\\\/\\\/www.rotaryclubdalminecentenario.org\\\/sito\\\/#website\",\"url\":\"https:\\\/\\\/www.rotaryclubdalminecentenario.org\\\/sito\\\/\",\"name\":\"Rotary Club Dalmine Centenario\",\"description\":\"Rotary Club Dalmine Centenario\",\"publisher\":{\"@id\":\"https:\\\/\\\/www.rotaryclubdalminecentenario.org\\\/sito\\\/#organization\"},\"potentialAction\":[{\"@type\":\"SearchAction\",\"target\":{\"@type\":\"EntryPoint\",\"urlTemplate\":\"https:\\\/\\\/www.rotaryclubdalminecentenario.org\\\/sito\\\/?s={search_term_string}\"},\"query-input\":{\"@type\":\"PropertyValueSpecification\",\"valueRequired\":true,\"valueName\":\"search_term_string\"}}],\"inLanguage\":\"it-IT\"},{\"@type\":\"Organization\",\"@id\":\"https:\\\/\\\/www.rotaryclubdalminecentenario.org\\\/sito\\\/#organization\",\"name\":\"Rotary Club Dalmine Centenario\",\"url\":\"https:\\\/\\\/www.rotaryclubdalminecentenario.org\\\/sito\\\/\",\"logo\":{\"@type\":\"ImageObject\",\"inLanguage\":\"it-IT\",\"@id\":\"https:\\\/\\\/www.rotaryclubdalminecentenario.org\\\/sito\\\/#\\\/schema\\\/logo\\\/image\\\/\",\"url\":\"https:\\\/\\\/www.rotaryclubdalminecentenario.org\\\/sito\\\/wp-content\\\/uploads\\\/2016\\\/07\\\/centeario.jpg\",\"contentUrl\":\"https:\\\/\\\/www.rotaryclubdalminecentenario.org\\\/sito\\\/wp-content\\\/uploads\\\/2016\\\/07\\\/centeario.jpg\",\"width\":1680,\"height\":482,\"caption\":\"Rotary Club Dalmine Centenario\"},\"image\":{\"@id\":\"https:\\\/\\\/www.rotaryclubdalminecentenario.org\\\/sito\\\/#\\\/schema\\\/logo\\\/image\\\/\"}},{\"@type\":\"Person\",\"@id\":\"https:\\\/\\\/www.rotaryclubdalminecentenario.org\\\/sito\\\/#\\\/schema\\\/person\\\/3c40f624452feedc709fed1d69b8fb54\",\"name\":\"Presidente Rotary Club Dalmine Centenario\",\"image\":{\"@type\":\"ImageObject\",\"inLanguage\":\"it-IT\",\"@id\":\"https:\\\/\\\/secure.gravatar.com\\\/avatar\\\/4af3b062b61ec6103a91758e7064839d3c11a6c0339374cc8f1016397b317c3c?s=96&d=mm&r=g\",\"url\":\"https:\\\/\\\/secure.gravatar.com\\\/avatar\\\/4af3b062b61ec6103a91758e7064839d3c11a6c0339374cc8f1016397b317c3c?s=96&d=mm&r=g\",\"contentUrl\":\"https:\\\/\\\/secure.gravatar.com\\\/avatar\\\/4af3b062b61ec6103a91758e7064839d3c11a6c0339374cc8f1016397b317c3c?s=96&d=mm&r=g\",\"caption\":\"Presidente Rotary Club Dalmine Centenario\"},\"url\":\"https:\\\/\\\/www.rotaryclubdalminecentenario.org\\\/sito\\\/author\\\/presidente\\\/\"}]}<\/script>\n<!-- \/ Yoast SEO plugin. -->","yoast_head_json":{"title":"Bollettino del 23 Ottobre 2025 - Rotary Club Dalmine Centenario","description":"Lotta alla poliomielite nel mondo.Una serata di racconto dalla nascita ai giorni nostri con il Presidente del club di Treviglio Dott.Carrara","robots":{"index":"index","follow":"follow","max-snippet":"max-snippet:-1","max-image-preview":"max-image-preview:large","max-video-preview":"max-video-preview:-1"},"canonical":"https:\/\/www.rotaryclubdalminecentenario.org\/sito\/bollettino-del-23-ottobre-2025\/","og_locale":"it_IT","og_type":"article","og_title":"Bollettino del 23 Ottobre 2025 - Rotary Club Dalmine Centenario","og_description":"Lotta alla poliomielite nel mondo.Una serata di racconto dalla nascita ai giorni nostri con il Presidente del club di Treviglio Dott.Carrara","og_url":"https:\/\/www.rotaryclubdalminecentenario.org\/sito\/bollettino-del-23-ottobre-2025\/","og_site_name":"Rotary Club Dalmine Centenario","article_published_time":"2025-10-29T10:51:09+00:00","og_image":[{"width":1183,"height":2560,"url":"https:\/\/www.rotaryclubdalminecentenario.org\/sito\/wp-content\/uploads\/2025\/10\/IMG_7665-scaled.png","type":"image\/png"}],"author":"Presidente Rotary Club Dalmine Centenario","twitter_card":"summary_large_image","twitter_misc":{"Scritto da":"Presidente Rotary Club Dalmine Centenario","Tempo di lettura stimato":"6 minuti"},"schema":{"@context":"https:\/\/schema.org","@graph":[{"@type":"Article","@id":"https:\/\/www.rotaryclubdalminecentenario.org\/sito\/bollettino-del-23-ottobre-2025\/#article","isPartOf":{"@id":"https:\/\/www.rotaryclubdalminecentenario.org\/sito\/bollettino-del-23-ottobre-2025\/"},"author":{"name":"Presidente Rotary Club Dalmine Centenario","@id":"https:\/\/www.rotaryclubdalminecentenario.org\/sito\/#\/schema\/person\/3c40f624452feedc709fed1d69b8fb54"},"headline":"Bollettino del 23 Ottobre 2025","datePublished":"2025-10-29T10:51:09+00:00","mainEntityOfPage":{"@id":"https:\/\/www.rotaryclubdalminecentenario.org\/sito\/bollettino-del-23-ottobre-2025\/"},"wordCount":906,"publisher":{"@id":"https:\/\/www.rotaryclubdalminecentenario.org\/sito\/#organization"},"image":{"@id":"https:\/\/www.rotaryclubdalminecentenario.org\/sito\/bollettino-del-23-ottobre-2025\/#primaryimage"},"thumbnailUrl":"https:\/\/www.rotaryclubdalminecentenario.org\/sito\/wp-content\/uploads\/2025\/10\/IMG_7665-scaled.png","articleSection":["news","periodico"],"inLanguage":"it-IT"},{"@type":"WebPage","@id":"https:\/\/www.rotaryclubdalminecentenario.org\/sito\/bollettino-del-23-ottobre-2025\/","url":"https:\/\/www.rotaryclubdalminecentenario.org\/sito\/bollettino-del-23-ottobre-2025\/","name":"Bollettino del 23 Ottobre 2025 - Rotary Club Dalmine Centenario","isPartOf":{"@id":"https:\/\/www.rotaryclubdalminecentenario.org\/sito\/#website"},"primaryImageOfPage":{"@id":"https:\/\/www.rotaryclubdalminecentenario.org\/sito\/bollettino-del-23-ottobre-2025\/#primaryimage"},"image":{"@id":"https:\/\/www.rotaryclubdalminecentenario.org\/sito\/bollettino-del-23-ottobre-2025\/#primaryimage"},"thumbnailUrl":"https:\/\/www.rotaryclubdalminecentenario.org\/sito\/wp-content\/uploads\/2025\/10\/IMG_7665-scaled.png","datePublished":"2025-10-29T10:51:09+00:00","description":"Lotta alla poliomielite nel mondo.Una serata di racconto dalla nascita ai giorni nostri con il Presidente del club di Treviglio Dott.Carrara","breadcrumb":{"@id":"https:\/\/www.rotaryclubdalminecentenario.org\/sito\/bollettino-del-23-ottobre-2025\/#breadcrumb"},"inLanguage":"it-IT","potentialAction":[{"@type":"ReadAction","target":["https:\/\/www.rotaryclubdalminecentenario.org\/sito\/bollettino-del-23-ottobre-2025\/"]}]},{"@type":"ImageObject","inLanguage":"it-IT","@id":"https:\/\/www.rotaryclubdalminecentenario.org\/sito\/bollettino-del-23-ottobre-2025\/#primaryimage","url":"https:\/\/www.rotaryclubdalminecentenario.org\/sito\/wp-content\/uploads\/2025\/10\/IMG_7665-scaled.png","contentUrl":"https:\/\/www.rotaryclubdalminecentenario.org\/sito\/wp-content\/uploads\/2025\/10\/IMG_7665-scaled.png","width":1183,"height":2560},{"@type":"BreadcrumbList","@id":"https:\/\/www.rotaryclubdalminecentenario.org\/sito\/bollettino-del-23-ottobre-2025\/#breadcrumb","itemListElement":[{"@type":"ListItem","position":1,"name":"Home","item":"https:\/\/www.rotaryclubdalminecentenario.org\/sito\/"},{"@type":"ListItem","position":2,"name":"Bollettino del 23 Ottobre 2025"}]},{"@type":"WebSite","@id":"https:\/\/www.rotaryclubdalminecentenario.org\/sito\/#website","url":"https:\/\/www.rotaryclubdalminecentenario.org\/sito\/","name":"Rotary Club Dalmine Centenario","description":"Rotary Club Dalmine Centenario","publisher":{"@id":"https:\/\/www.rotaryclubdalminecentenario.org\/sito\/#organization"},"potentialAction":[{"@type":"SearchAction","target":{"@type":"EntryPoint","urlTemplate":"https:\/\/www.rotaryclubdalminecentenario.org\/sito\/?s={search_term_string}"},"query-input":{"@type":"PropertyValueSpecification","valueRequired":true,"valueName":"search_term_string"}}],"inLanguage":"it-IT"},{"@type":"Organization","@id":"https:\/\/www.rotaryclubdalminecentenario.org\/sito\/#organization","name":"Rotary Club Dalmine Centenario","url":"https:\/\/www.rotaryclubdalminecentenario.org\/sito\/","logo":{"@type":"ImageObject","inLanguage":"it-IT","@id":"https:\/\/www.rotaryclubdalminecentenario.org\/sito\/#\/schema\/logo\/image\/","url":"https:\/\/www.rotaryclubdalminecentenario.org\/sito\/wp-content\/uploads\/2016\/07\/centeario.jpg","contentUrl":"https:\/\/www.rotaryclubdalminecentenario.org\/sito\/wp-content\/uploads\/2016\/07\/centeario.jpg","width":1680,"height":482,"caption":"Rotary Club Dalmine Centenario"},"image":{"@id":"https:\/\/www.rotaryclubdalminecentenario.org\/sito\/#\/schema\/logo\/image\/"}},{"@type":"Person","@id":"https:\/\/www.rotaryclubdalminecentenario.org\/sito\/#\/schema\/person\/3c40f624452feedc709fed1d69b8fb54","name":"Presidente Rotary Club Dalmine Centenario","image":{"@type":"ImageObject","inLanguage":"it-IT","@id":"https:\/\/secure.gravatar.com\/avatar\/4af3b062b61ec6103a91758e7064839d3c11a6c0339374cc8f1016397b317c3c?s=96&d=mm&r=g","url":"https:\/\/secure.gravatar.com\/avatar\/4af3b062b61ec6103a91758e7064839d3c11a6c0339374cc8f1016397b317c3c?s=96&d=mm&r=g","contentUrl":"https:\/\/secure.gravatar.com\/avatar\/4af3b062b61ec6103a91758e7064839d3c11a6c0339374cc8f1016397b317c3c?s=96&d=mm&r=g","caption":"Presidente Rotary Club Dalmine Centenario"},"url":"https:\/\/www.rotaryclubdalminecentenario.org\/sito\/author\/presidente\/"}]}},"_links":{"self":[{"href":"https:\/\/www.rotaryclubdalminecentenario.org\/sito\/wp-json\/wp\/v2\/posts\/4308","targetHints":{"allow":["GET"]}}],"collection":[{"href":"https:\/\/www.rotaryclubdalminecentenario.org\/sito\/wp-json\/wp\/v2\/posts"}],"about":[{"href":"https:\/\/www.rotaryclubdalminecentenario.org\/sito\/wp-json\/wp\/v2\/types\/post"}],"author":[{"embeddable":true,"href":"https:\/\/www.rotaryclubdalminecentenario.org\/sito\/wp-json\/wp\/v2\/users\/5"}],"replies":[{"embeddable":true,"href":"https:\/\/www.rotaryclubdalminecentenario.org\/sito\/wp-json\/wp\/v2\/comments?post=4308"}],"version-history":[{"count":2,"href":"https:\/\/www.rotaryclubdalminecentenario.org\/sito\/wp-json\/wp\/v2\/posts\/4308\/revisions"}],"predecessor-version":[{"id":4312,"href":"https:\/\/www.rotaryclubdalminecentenario.org\/sito\/wp-json\/wp\/v2\/posts\/4308\/revisions\/4312"}],"wp:featuredmedia":[{"embeddable":true,"href":"https:\/\/www.rotaryclubdalminecentenario.org\/sito\/wp-json\/wp\/v2\/media\/4309"}],"wp:attachment":[{"href":"https:\/\/www.rotaryclubdalminecentenario.org\/sito\/wp-json\/wp\/v2\/media?parent=4308"}],"wp:term":[{"taxonomy":"category","embeddable":true,"href":"https:\/\/www.rotaryclubdalminecentenario.org\/sito\/wp-json\/wp\/v2\/categories?post=4308"},{"taxonomy":"post_tag","embeddable":true,"href":"https:\/\/www.rotaryclubdalminecentenario.org\/sito\/wp-json\/wp\/v2\/tags?post=4308"}],"curies":[{"name":"wp","href":"https:\/\/api.w.org\/{rel}","templated":true}]}}